{"id":4410,"date":"2025-12-10T13:38:52","date_gmt":"2025-12-10T13:38:52","guid":{"rendered":"https:\/\/nvvl.eu\/ryanair-grijpt-in-belgie-in-miljoen-stoelen-minder\/"},"modified":"2025-12-10T13:38:52","modified_gmt":"2025-12-10T13:38:52","slug":"ryanair-grijpt-in-belgie-in-miljoen-stoelen-minder","status":"publish","type":"post","link":"https:\/\/nvvl.eu\/en\/ryanair-grijpt-in-belgie-in-miljoen-stoelen-minder\/","title":{"rendered":"Ryanair grijpt in Belgi\u00eb in: miljoen stoelen minder"},"content":{"rendered":"<p>Ryanair schaalt in het winterseizoen 2026-2027 de capaciteit in Belgi\u00eb terug. De maatschappij voert minder vluchten uit vanaf Brussels Airport en Charleroi Airport, wat resulteert in \u00e9\u00e9n miljoen minder beschikbare stoelen.<\/p>\n","protected":false},"excerpt":{"rendered":"<p>Ryanair schaalt in het winterseizoen 2026-2027 de capaciteit in Belgi\u00eb terug. De maatschappij voert minder vluchten uit vanaf Brussels Airport en Charleroi Airport, wat resulteert in \u00e9\u00e9n miljoen minder beschikbare stoelen.<\/p>\n","protected":false},"author":1,"featured_media":0,"comment_status":"","ping_status":"open","sticky":false,"template":"","format":"standard","meta":{"_et_pb_use_builder":"","_et_pb_old_content":"","_et_gb_content_width":"","footnotes":""},"categories":[63],"tags":[],"class_list":["post-4410","post","type-post","status-publish","format-standard","hentry","category-ongecategoriseerd-2"],"_links":{"self":[{"href":"https:\/\/nvvl.eu\/en\/wp-json\/wp\/v2\/posts\/4410","targetHints":{"allow":["GET"]}}],"collection":[{"href":"https:\/\/nvvl.eu\/en\/wp-json\/wp\/v2\/posts"}],"about":[{"href":"https:\/\/nvvl.eu\/en\/wp-json\/wp\/v2\/types\/post"}],"author":[{"embeddable":true,"href":"https:\/\/nvvl.eu\/en\/wp-json\/wp\/v2\/users\/1"}],"replies":[{"embeddable":true,"href":"https:\/\/nvvl.eu\/en\/wp-json\/wp\/v2\/comments?post=4410"}],"version-history":[{"count":0,"href":"https:\/\/nvvl.eu\/en\/wp-json\/wp\/v2\/posts\/4410\/revisions"}],"wp:attachment":[{"href":"https:\/\/nvvl.eu\/en\/wp-json\/wp\/v2\/media?parent=4410"}],"wp:term":[{"taxonomy":"category","embeddable":true,"href":"https:\/\/nvvl.eu\/en\/wp-json\/wp\/v2\/categories?post=4410"},{"taxonomy":"post_tag","embeddable":true,"href":"https:\/\/nvvl.eu\/en\/wp-json\/wp\/v2\/tags?post=4410"}],"curies":[{"name":"wp","href":"https:\/\/api.w.org\/{rel}","templated":true}]}}