{"id":4197,"date":"2025-10-25T10:36:35","date_gmt":"2025-10-25T10:36:35","guid":{"rendered":"https:\/\/nvvl.eu\/swiss-a350-maakt-eerste-commerciele-vlucht-binnen-europa\/"},"modified":"2025-10-25T10:36:35","modified_gmt":"2025-10-25T10:36:35","slug":"swiss-a350-maakt-eerste-commerciele-vlucht-binnen-europa","status":"publish","type":"post","link":"https:\/\/nvvl.eu\/en\/swiss-a350-maakt-eerste-commerciele-vlucht-binnen-europa\/","title":{"rendered":"SWISS A350 maakt eerste commerci\u00eble vlucht binnen Europa"},"content":{"rendered":"<p>SWISS heeft vanochtend voor het eerst haar Airbus A350 in commerci\u00eble dienst genomen. Het toestel, met registratie HB-IFA, voerde een vlucht uit van Z\u00fcrich naar Palma de Mallorca.<\/p>\n<p>\u00a0<\/p>\n","protected":false},"excerpt":{"rendered":"<p>SWISS heeft vanochtend voor het eerst haar Airbus A350 in commerci\u00eble dienst genomen. Het toestel, met registratie HB-IFA, voerde een vlucht uit van Z\u00fcrich naar Palma de Mallorca. \u00a0<\/p>\n","protected":false},"author":1,"featured_media":0,"comment_status":"","ping_status":"open","sticky":false,"template":"","format":"standard","meta":{"_et_pb_use_builder":"","_et_pb_old_content":"","_et_gb_content_width":"","footnotes":""},"categories":[63],"tags":[],"class_list":["post-4197","post","type-post","status-publish","format-standard","hentry","category-ongecategoriseerd-2"],"_links":{"self":[{"href":"https:\/\/nvvl.eu\/en\/wp-json\/wp\/v2\/posts\/4197","targetHints":{"allow":["GET"]}}],"collection":[{"href":"https:\/\/nvvl.eu\/en\/wp-json\/wp\/v2\/posts"}],"about":[{"href":"https:\/\/nvvl.eu\/en\/wp-json\/wp\/v2\/types\/post"}],"author":[{"embeddable":true,"href":"https:\/\/nvvl.eu\/en\/wp-json\/wp\/v2\/users\/1"}],"replies":[{"embeddable":true,"href":"https:\/\/nvvl.eu\/en\/wp-json\/wp\/v2\/comments?post=4197"}],"version-history":[{"count":0,"href":"https:\/\/nvvl.eu\/en\/wp-json\/wp\/v2\/posts\/4197\/revisions"}],"wp:attachment":[{"href":"https:\/\/nvvl.eu\/en\/wp-json\/wp\/v2\/media?parent=4197"}],"wp:term":[{"taxonomy":"category","embeddable":true,"href":"https:\/\/nvvl.eu\/en\/wp-json\/wp\/v2\/categories?post=4197"},{"taxonomy":"post_tag","embeddable":true,"href":"https:\/\/nvvl.eu\/en\/wp-json\/wp\/v2\/tags?post=4197"}],"curies":[{"name":"wp","href":"https:\/\/api.w.org\/{rel}","templated":true}]}}